{"id":2946,"count":1,"description":"Da Frankfurt ja die Jubil\u00e4umsfeier zur deutschen Einheit ausrichten durfte war ich wenigstens am Freitag mal unterwegs, ein paar Eindr\u00fccke f\u00fcr Euch einzufangen. \n\nSince Frankfurt was allowed to host the anniversary celebration of German unity, I was at least on Friday times en route to capture some impressions for you.\n","link":"https:\/\/rudirama.de\/?cat=2946","name":"Jubil\u00e4umsfeier in Frankfurt 25 Jahre Deutsche Einheit","slug":"jubilaeumsfeier-in-frankfurt-25-jahre-deutsche-einheit","taxonomy":"category","parent":2,"meta":[],"_links":{"self":[{"href":"https:\/\/rudirama.de\/index.php?rest_route=\/wp\/v2\/categories\/2946","targetHints":{"allow":["GET"]}}],"collection":[{"href":"https:\/\/rudirama.de\/index.php?rest_route=\/wp\/v2\/categories"}],"about":[{"href":"https:\/\/rudirama.de\/index.php?rest_route=\/wp\/v2\/taxonomies\/category"}],"up":[{"embeddable":true,"href":"https:\/\/rudirama.de\/index.php?rest_route=\/wp\/v2\/categories\/2"}],"wp:post_type":[{"href":"https:\/\/rudirama.de\/index.php?rest_route=%2Fwp%2Fv2%2Fposts&categories=2946"}],"curies":[{"name":"wp","href":"https:\/\/api.w.org\/{rel}","templated":true}]}}