{"id":10208,"date":"2018-06-01T05:57:38","date_gmt":"2018-06-01T03:57:38","guid":{"rendered":"http:\/\/rudirama.de\/?p=10208"},"modified":"2020-01-02T19:10:10","modified_gmt":"2020-01-02T18:10:10","slug":"die-bunte-welt-der-kirmes-in-schwarz-weiss-001","status":"publish","type":"post","link":"https:\/\/rudirama.de\/?p=10208","title":{"rendered":"Die bunte Welt der Kirmes in Schwarz\/Wei\u00df 001"},"content":{"rendered":"<p>Im Jubil\u00e4umsjahr meines Blogs m\u00f6chte ich auch eine neue Kategorie er\u00f6ffnen, die eine gewisse Faszination auf mich aus\u00fcbt:<\/p>\n<p>&#8222;Die bunte Welt der Kirmes in Schwarz\/Wei\u00df&#8220;<\/p>\n<p>Es gibt dort trotz all der bunten Geschehnisse viele Bilder, die man sich auch in S\/W ansehen kann und die weit mehr Ausdruck haben, als in Farbe.<\/p>\n<p>Ich w\u00fcnsche Euch kurz vor dem 5. Geburtstag von Rudirama.de viel Spa\u00df mit dieser Bilderserie, die in unregelm\u00e4\u00dfigen Abst\u00e4nden erg\u00e4nzt wird, und Freude an den Bildern, die zeigen, dass Schwarz\/Wei\u00df-Bilder viel mehr wiedergeben als die pure Abwesenheit von Farbe.<\/p>\n<p>Deshalb beginnen wir auch mit einem Gesch\u00e4ft:<\/p>\n<p>Die Wildwasser 3 von L\u00f6wenthal<\/p>\n<p>The colorful world of the fair in black and white 001<\/p>\n<p>In the anniversary year of my blog, I would also like to open a new category that has a certain fascination for me:<\/p>\n<p>&#8222;The colorful world of the fair in black and white&#8220;<\/p>\n<p>Despite all the colorful happenings, there are many pictures that you can also see in black and white and that have far more expression than in color.<\/p>\n<p>I wish you a lot of fun shortly before the 5th anniversary of Rudirama.de with this serie of pictures, which is complemented at irregular intervals, and joy in the pictures that show that black and white pictures reproduce much more than the pure absence of color.<\/p>\n<p>The Wildwasser 3 of L\u00f6wenthal<\/p>\n<p><a href=\"http:\/\/rudirama.de\/wp-content\/uploads\/2018\/05\/DbWdKISW-001-001.jpg\"><img loading=\"lazy\" decoding=\"async\" class=\"alignnone size-medium wp-image-10209\" src=\"http:\/\/rudirama.de\/wp-content\/uploads\/2018\/05\/DbWdKISW-001-001-300x300.jpg\" alt=\"\" width=\"300\" height=\"300\" srcset=\"https:\/\/rudirama.de\/wp-content\/uploads\/2018\/05\/DbWdKISW-001-001-300x300.jpg 300w, https:\/\/rudirama.de\/wp-content\/uploads\/2018\/05\/DbWdKISW-001-001-150x150.jpg 150w, https:\/\/rudirama.de\/wp-content\/uploads\/2018\/05\/DbWdKISW-001-001.jpg 1024w\" sizes=\"auto, (max-width: 300px) 85vw, 300px\" \/><\/a><\/p>\n","protected":false},"excerpt":{"rendered":"<p>Im Jubil\u00e4umsjahr meines Blogs m\u00f6chte ich auch eine neue Kategorie er\u00f6ffnen, die eine gewisse Faszination auf mich aus\u00fcbt: &#8222;Die bunte Welt der Kirmes in Schwarz\/Wei\u00df&#8220; Es gibt dort trotz all der bunten Geschehnisse viele Bilder, die man sich auch in S\/W ansehen kann und die weit mehr Ausdruck haben, als in Farbe. Ich w\u00fcnsche Euch &hellip; <a href=\"https:\/\/rudirama.de\/?p=10208\" class=\"more-link\"><span class=\"screen-reader-text\">\u201eDie bunte Welt der Kirmes in Schwarz\/Wei\u00df 001\u201c <\/span>weiterlesen<\/a><\/p>\n","protected":false},"author":1,"featured_media":0,"comment_status":"open","ping_status":"closed","sticky":false,"template":"","format":"standard","meta":{"footnotes":""},"categories":[4956],"tags":[927,4970,4972,4971],"class_list":["post-10208","post","type-post","status-publish","format-standard","hentry","category-die-bunte-welt-der-kirmes-in-schwarz-weiss-2","tag-frankfurt","tag-loewenthal","tag-schwarz-weiss","tag-wildwasser-3"],"_links":{"self":[{"href":"https:\/\/rudirama.de\/index.php?rest_route=\/wp\/v2\/posts\/10208","targetHints":{"allow":["GET"]}}],"collection":[{"href":"https:\/\/rudirama.de\/index.php?rest_route=\/wp\/v2\/posts"}],"about":[{"href":"https:\/\/rudirama.de\/index.php?rest_route=\/wp\/v2\/types\/post"}],"author":[{"embeddable":true,"href":"https:\/\/rudirama.de\/index.php?rest_route=\/wp\/v2\/users\/1"}],"replies":[{"embeddable":true,"href":"https:\/\/rudirama.de\/index.php?rest_route=%2Fwp%2Fv2%2Fcomments&post=10208"}],"version-history":[{"count":4,"href":"https:\/\/rudirama.de\/index.php?rest_route=\/wp\/v2\/posts\/10208\/revisions"}],"predecessor-version":[{"id":14009,"href":"https:\/\/rudirama.de\/index.php?rest_route=\/wp\/v2\/posts\/10208\/revisions\/14009"}],"wp:attachment":[{"href":"https:\/\/rudirama.de\/index.php?rest_route=%2Fwp%2Fv2%2Fmedia&parent=10208"}],"wp:term":[{"taxonomy":"category","embeddable":true,"href":"https:\/\/rudirama.de\/index.php?rest_route=%2Fwp%2Fv2%2Fcategories&post=10208"},{"taxonomy":"post_tag","embeddable":true,"href":"https:\/\/rudirama.de\/index.php?rest_route=%2Fwp%2Fv2%2Ftags&post=10208"}],"curies":[{"name":"wp","href":"https:\/\/api.w.org\/{rel}","templated":true}]}}