{"id":11587,"date":"2018-11-17T07:49:22","date_gmt":"2018-11-17T06:49:22","guid":{"rendered":"http:\/\/rudirama.de\/?p=11587"},"modified":"2020-01-01T22:21:10","modified_gmt":"2020-01-01T21:21:10","slug":"die-bunte-welt-der-kirmes-in-schwarz-weiss-052","status":"publish","type":"post","link":"https:\/\/rudirama.de\/?p=11587","title":{"rendered":"Die bunte Welt der Kirmes in Schwarz\/Wei\u00df 052"},"content":{"rendered":"<p>Dank unserer Sicherheitskr\u00e4fte k\u00f6nnen wir unbesorgt auf dem Hofer Volksfest feiern.<\/p>\n<p>Thanks to our security forces, we can safely celebrate at the Hofer Volksfest.<\/p>\n<p><a href=\"http:\/\/rudirama.de\/wp-content\/uploads\/2018\/11\/DbWdKISW-052-001.jpg\"><img loading=\"lazy\" decoding=\"async\" class=\"alignnone size-medium wp-image-11588\" src=\"http:\/\/rudirama.de\/wp-content\/uploads\/2018\/11\/DbWdKISW-052-001-300x200.jpg\" alt=\"\" width=\"300\" height=\"200\" srcset=\"https:\/\/rudirama.de\/wp-content\/uploads\/2018\/11\/DbWdKISW-052-001-300x200.jpg 300w, https:\/\/rudirama.de\/wp-content\/uploads\/2018\/11\/DbWdKISW-052-001.jpg 1024w\" sizes=\"auto, (max-width: 300px) 85vw, 300px\" \/><\/a><\/p>\n","protected":false},"excerpt":{"rendered":"<p>Dank unserer Sicherheitskr\u00e4fte k\u00f6nnen wir unbesorgt auf dem Hofer Volksfest feiern. Thanks to our security forces, we can safely celebrate at the Hofer Volksfest.<\/p>\n","protected":false},"author":1,"featured_media":0,"comment_status":"open","ping_status":"closed","sticky":false,"template":"","format":"standard","meta":{"footnotes":""},"categories":[4956],"tags":[5451,5183,828,985,1428,1677,2143],"class_list":["post-11587","post","type-post","status-publish","format-standard","hentry","category-die-bunte-welt-der-kirmes-in-schwarz-weiss-2","tag-1222-mercedes-1222","tag-black-and-white","tag-feuerwehr","tag-fun-fair","tag-kirmes","tag-mercedes","tag-sw"],"_links":{"self":[{"href":"https:\/\/rudirama.de\/index.php?rest_route=\/wp\/v2\/posts\/11587","targetHints":{"allow":["GET"]}}],"collection":[{"href":"https:\/\/rudirama.de\/index.php?rest_route=\/wp\/v2\/posts"}],"about":[{"href":"https:\/\/rudirama.de\/index.php?rest_route=\/wp\/v2\/types\/post"}],"author":[{"embeddable":true,"href":"https:\/\/rudirama.de\/index.php?rest_route=\/wp\/v2\/users\/1"}],"replies":[{"embeddable":true,"href":"https:\/\/rudirama.de\/index.php?rest_route=%2Fwp%2Fv2%2Fcomments&post=11587"}],"version-history":[{"count":2,"href":"https:\/\/rudirama.de\/index.php?rest_route=\/wp\/v2\/posts\/11587\/revisions"}],"predecessor-version":[{"id":13846,"href":"https:\/\/rudirama.de\/index.php?rest_route=\/wp\/v2\/posts\/11587\/revisions\/13846"}],"wp:attachment":[{"href":"https:\/\/rudirama.de\/index.php?rest_route=%2Fwp%2Fv2%2Fmedia&parent=11587"}],"wp:term":[{"taxonomy":"category","embeddable":true,"href":"https:\/\/rudirama.de\/index.php?rest_route=%2Fwp%2Fv2%2Fcategories&post=11587"},{"taxonomy":"post_tag","embeddable":true,"href":"https:\/\/rudirama.de\/index.php?rest_route=%2Fwp%2Fv2%2Ftags&post=11587"}],"curies":[{"name":"wp","href":"https:\/\/api.w.org\/{rel}","templated":true}]}}