{"id":12673,"date":"2019-03-30T07:35:43","date_gmt":"2019-03-30T06:35:43","guid":{"rendered":"http:\/\/rudirama.de\/?p=12673"},"modified":"2019-03-30T07:35:44","modified_gmt":"2019-03-30T06:35:44","slug":"die-bunte-welt-der-kirmes-in-schwarz-weiss-110","status":"publish","type":"post","link":"https:\/\/rudirama.de\/?p=12673","title":{"rendered":"Die bunte Welt der Kirmes in Schwarz\/Wei\u00df 110"},"content":{"rendered":"\n<p>So \u00f6sterlich wird zur Fr\u00fchjahrsdippemess dekoriert.<\/p>\n\n\n\n<p>This is how Easter is decorated for the Fr\u00fchjahrsdippemess<\/p>\n\n\n\n<figure class=\"wp-block-image\"><img loading=\"lazy\" decoding=\"async\" width=\"512\" height=\"768\" src=\"http:\/\/rudirama.de\/wp-content\/uploads\/2019\/03\/DbWdKISW-110-001.jpg\" alt=\"\" class=\"wp-image-12674\" srcset=\"https:\/\/rudirama.de\/wp-content\/uploads\/2019\/03\/DbWdKISW-110-001.jpg 512w, https:\/\/rudirama.de\/wp-content\/uploads\/2019\/03\/DbWdKISW-110-001-200x300.jpg 200w\" sizes=\"auto, (max-width: 512px) 85vw, 512px\" \/><\/figure>\n","protected":false},"excerpt":{"rendered":"<p>So \u00f6sterlich wird zur Fr\u00fchjahrsdippemess dekoriert. This is how Easter is decorated for the Fr\u00fchjahrsdippemess<\/p>\n","protected":false},"author":1,"featured_media":0,"comment_status":"open","ping_status":"closed","sticky":false,"template":"","format":"standard","meta":{"footnotes":""},"categories":[4956],"tags":[5183,659,985,1428,5731,1873],"class_list":["post-12673","post","type-post","status-publish","format-standard","hentry","category-die-bunte-welt-der-kirmes-in-schwarz-weiss-2","tag-black-and-white","tag-easter","tag-fun-fair","tag-kirmes","tag-osterhase","tag-ostern"],"_links":{"self":[{"href":"https:\/\/rudirama.de\/index.php?rest_route=\/wp\/v2\/posts\/12673","targetHints":{"allow":["GET"]}}],"collection":[{"href":"https:\/\/rudirama.de\/index.php?rest_route=\/wp\/v2\/posts"}],"about":[{"href":"https:\/\/rudirama.de\/index.php?rest_route=\/wp\/v2\/types\/post"}],"author":[{"embeddable":true,"href":"https:\/\/rudirama.de\/index.php?rest_route=\/wp\/v2\/users\/1"}],"replies":[{"embeddable":true,"href":"https:\/\/rudirama.de\/index.php?rest_route=%2Fwp%2Fv2%2Fcomments&post=12673"}],"version-history":[{"count":1,"href":"https:\/\/rudirama.de\/index.php?rest_route=\/wp\/v2\/posts\/12673\/revisions"}],"predecessor-version":[{"id":12675,"href":"https:\/\/rudirama.de\/index.php?rest_route=\/wp\/v2\/posts\/12673\/revisions\/12675"}],"wp:attachment":[{"href":"https:\/\/rudirama.de\/index.php?rest_route=%2Fwp%2Fv2%2Fmedia&parent=12673"}],"wp:term":[{"taxonomy":"category","embeddable":true,"href":"https:\/\/rudirama.de\/index.php?rest_route=%2Fwp%2Fv2%2Fcategories&post=12673"},{"taxonomy":"post_tag","embeddable":true,"href":"https:\/\/rudirama.de\/index.php?rest_route=%2Fwp%2Fv2%2Ftags&post=12673"}],"curies":[{"name":"wp","href":"https:\/\/api.w.org\/{rel}","templated":true}]}}